{"id":8286,"date":"2026-04-29T12:17:52","date_gmt":"2026-04-29T10:17:52","guid":{"rendered":"https:\/\/wivivision.com\/?p=8286"},"modified":"2026-04-29T12:17:53","modified_gmt":"2026-04-29T10:17:53","slug":"eva-garcia-ramos-new-president-of-catalonia-health","status":"publish","type":"post","link":"https:\/\/wivivision.com\/pt\/eva-garcia-ramos-new-president-of-catalonia-health\/","title":{"rendered":"Eva Garc\u00eda Ramos, nova Presidente da Catalonia.health"},"content":{"rendered":"<div data-elementor-type=\"wp-post\" data-elementor-id=\"8286\" class=\"elementor elementor-8286\" data-elementor-post-type=\"post\">\n\t\t\t\t<div class=\"elementor-element elementor-element-95256d3 e-flex e-con-boxed e-con e-parent\" data-id=\"95256d3\" data-element_type=\"container\" data-e-type=\"container\">\n\t\t\t\t\t<div class=\"e-con-inner\">\n\t\t\t\t<div class=\"elementor-element elementor-element-78486fd elementor-widget elementor-widget-text-editor\" data-id=\"78486fd\" data-element_type=\"widget\" data-e-type=\"widget\" data-widget_type=\"text-editor.default\">\n\t\t\t\t<div class=\"elementor-widget-container\">\n\t\t\t\t\t\t\t\t\t<p data-start=\"187\" data-end=\"456\">Na WIVI Vision, temos o orgulho de anunciar que <strong>a nossa CEO e cofundadora, Eva Garc\u00eda Ramos, foi nomeada Presidente da Catalonia.health<\/strong>, liderando um grupo de profissionais que impulsionam a transforma\u00e7\u00e3o da sa\u00fade, ci\u00eancia e tecnologia na Catalunha e para al\u00e9m dela.<\/p><p data-start=\"458\" data-end=\"610\">Este <a href=\"https:\/\/catalonia.health\/noticies\/eva-garcia-ramos-nova-presidenta-de-cataloniahealth\/\" target=\"_blank\" rel=\"noopener\">consulta<\/a> reconhece a sua trajet\u00f3ria e representa uma oportunidade para, ainda mais <strong>contribuir para o crescimento e impacto do ecossistema da sa\u00fade digital.<\/strong><\/p>\t\t\t\t\t\t\t\t<\/div>\n\t\t\t\t<\/div>\n\t\t\t\t<div class=\"elementor-element elementor-element-c9a0c4c elementor-widget elementor-widget-heading\" data-id=\"c9a0c4c\" data-element_type=\"widget\" data-e-type=\"widget\" data-widget_type=\"heading.default\">\n\t\t\t\t<div class=\"elementor-widget-container\">\n\t\t\t\t\t<h2 class=\"elementor-heading-title elementor-size-default\">Lideran\u00e7a para impulsionar a inova\u00e7\u00e3o na sa\u00fade<\/h2>\t\t\t\t<\/div>\n\t\t\t\t<\/div>\n\t\t\t\t<div class=\"elementor-element elementor-element-b5b4772 elementor-widget elementor-widget-text-editor\" data-id=\"b5b4772\" data-element_type=\"widget\" data-e-type=\"widget\" data-widget_type=\"text-editor.default\">\n\t\t\t\t<div class=\"elementor-widget-container\">\n\t\t\t\t\t\t\t\t\t<p data-start=\"658\" data-end=\"813\">Assumir a presid\u00eancia do Catalonia.health marca um passo importante no refor\u00e7o <strong>colabora\u00e7\u00e3o entre empresas, institui\u00e7\u00f5es e centros de conhecimento.<\/strong><\/p><p data-start=\"815\" data-end=\"1046\">Partilhar a lideran\u00e7a com profissionais que est\u00e3o a transformar os cuidados de sa\u00fade atrav\u00e9s das suas organiza\u00e7\u00f5es \u00e9 tanto um privil\u00e9gio como uma responsabilidade, em <strong>um ambiente onde a inova\u00e7\u00e3o, o talento e o compromisso s\u00e3o fundamentais para criar um impacto real.<\/strong><\/p><p data-start=\"1048\" data-end=\"1266\">Nesta nova etapa, o foco ser\u00e1 no refor\u00e7o da competitividade das empresas do setor, na acelera\u00e7\u00e3o da inova\u00e7\u00e3o e no posicionamento da Catalunha como um dos principais polos europeus na \u00e1rea da sa\u00fade e tecnologia de sa\u00fade.<\/p><p data-start=\"1268\" data-end=\"1569\">Como <a href=\"https:\/\/wivivision.com\/pt\/about-us\/\" target=\"_blank\" rel=\"noopener\">Eva Garc\u00eda Ramos<\/a> destaques:<br data-start=\"1299\" data-end=\"1302\" \/><em data-start=\"1302\" data-end=\"1569\"><strong>\u201cA minha carreira mostrou-me que a inova\u00e7\u00e3o na sa\u00fade digital tem um impacto real em <a href=\"https:\/\/wivivision.com\/pt\/symptoms\/\" target=\"_blank\" rel=\"noopener\">vidas das pessoas.<\/a><\/strong> A partir da Catalonia.health, trabalharemos para fortalecer a competitividade das empresas do setor e para estabelecer a Catalunha como o principal polo de sa\u00fade do sul da Europa.\u201d<\/em><\/p><p data-start=\"1571\" data-end=\"1739\">Gostar\u00edamos tamb\u00e9m de agradecer \u00e0 presidente cessante, Mariona Serra-Pag\u00e8s, a Joan Puig de Dou, e \u00e0 antiga dire\u00e7\u00e3o pela sua dedica\u00e7\u00e3o e empenho ao longo dos \u00faltimos anos.<\/p>\t\t\t\t\t\t\t\t<\/div>\n\t\t\t\t<\/div>\n\t\t\t\t<div class=\"elementor-element elementor-element-e5bfb43 elementor-widget elementor-widget-heading\" data-id=\"e5bfb43\" data-element_type=\"widget\" data-e-type=\"widget\" data-widget_type=\"heading.default\">\n\t\t\t\t<div class=\"elementor-widget-container\">\n\t\t\t\t\t<h2 class=\"elementor-heading-title elementor-size-default\">Um novo impulso para o ecossistema de sa\u00fade<\/h2>\t\t\t\t<\/div>\n\t\t\t\t<\/div>\n\t\t\t\t<div class=\"elementor-element elementor-element-30fa421 elementor-widget elementor-widget-text-editor\" data-id=\"30fa421\" data-element_type=\"widget\" data-e-type=\"widget\" data-widget_type=\"text-editor.default\">\n\t\t\t\t<div class=\"elementor-widget-container\">\n\t\t\t\t\t\t\t\t\t<p data-start=\"1785\" data-end=\"1968\">Esta nova lideran\u00e7a marca o in\u00edcio de uma etapa chave para ligar ainda mais talento, tecnologia e conhecimento, com um objetivo claro: i<strong>Melhorar a vida das pessoas atrav\u00e9s de <a href=\"https:\/\/wivivision.com\/pt\/discover-wivi\/\" target=\"_blank\" rel=\"noopener\">Inova\u00e7\u00e3o em sa\u00fade.<\/a><\/strong><\/p><p data-start=\"1970\" data-end=\"2137\">Na WIVI, continuaremos a apoiar este \u00edmpeto, contribuindo para um ecossistema mais colaborativo, din\u00e2mico e focado em resultados, tendo sempre o paciente no centro.<\/p>\t\t\t\t\t\t\t\t<\/div>\n\t\t\t\t<\/div>\n\t\t\t\t<div class=\"elementor-element elementor-element-e525c0e elementor-widget-divider--view-line elementor-widget elementor-widget-divider\" data-id=\"e525c0e\" data-element_type=\"widget\" data-e-type=\"widget\" data-widget_type=\"divider.default\">\n\t\t\t\t<div class=\"elementor-widget-container\">\n\t\t\t\t\t\t\t<div class=\"elementor-divider\">\n\t\t\t<span class=\"elementor-divider-separator\">\n\t\t\t\t\t\t<\/span>\n\t\t<\/div>\n\t\t\t\t\t\t<\/div>\n\t\t\t\t<\/div>\n\t\t\t\t<div class=\"elementor-element elementor-element-fff3677 elementor-widget elementor-widget-text-editor\" data-id=\"fff3677\" data-element_type=\"widget\" data-e-type=\"widget\" data-widget_type=\"text-editor.default\">\n\t\t\t\t<div class=\"elementor-widget-container\">\n\t\t\t\t\t\t\t\t\t<p>Quer saber mais sobre como trabalhamos na WIVI e o nosso compromisso com a inova\u00e7\u00e3o na \u00e1rea da sa\u00fade? <a href=\"https:\/\/wivivision.com\/pt\/contact-us\/\" target=\"_blank\" rel=\"noopener\"><strong>Entre em contacto ou solicite mais informa\u00e7\u00f5es.<\/strong><\/a><\/p>\t\t\t\t\t\t\t\t<\/div>\n\t\t\t\t<\/div>\n\t\t\t\t\t<\/div>\n\t\t\t\t<\/div>\n\t\t\t\t<\/div>","protected":false},"excerpt":{"rendered":"<p>At WIVI Vision, we are proud to announce that our CEO and co-founder, Eva Garc\u00eda Ramos, has been appointed President of Catalonia.health, leading a group of professionals who are driving the transformation of healthcare, science, and technology in Catalonia and beyond. This appointment recognizes her trajectory and represents an opportunity to further contribute to the [&hellip;]<\/p>\n","protected":false},"author":6,"featured_media":8291,"comment_status":"closed","ping_status":"closed","sticky":false,"template":"","format":"standard","meta":{"footnotes":""},"categories":[1],"tags":[],"class_list":["post-8286","post","type-post","status-publish","format-standard","has-post-thumbnail","hentry","category-uncategorized"],"yoast_head":"<!-- This site is optimized with the Yoast SEO plugin v27.5 - https:\/\/yoast.com\/product\/yoast-seo-wordpress\/ -->\n<title>Eva Garc\u00eda Ramos, new President of Catalonia.health - WIVI Vision<\/title>\n<meta name=\"description\" content=\"At WIVI Vision, we are proud to announce that our CEO and co-founder, Eva Garc\u00eda Ramos, has been appointed President of Catalonia.health\" \/>\n<meta name=\"robots\" content=\"index, follow, max-snippet:-1, max-image-preview:large, max-video-preview:-1\" \/>\n<link rel=\"canonical\" href=\"https:\/\/wivivision.com\/pt\/eva-garcia-ramos-new-president-of-catalonia-health\/\" \/>\n<meta property=\"og:locale\" content=\"pt_PT\" \/>\n<meta property=\"og:type\" content=\"article\" \/>\n<meta property=\"og:title\" content=\"Eva Garc\u00eda Ramos, new President of Catalonia.health - WIVI Vision\" \/>\n<meta property=\"og:description\" content=\"At WIVI Vision, we are proud to announce that our CEO and co-founder, Eva Garc\u00eda Ramos, has been appointed President of Catalonia.health\" \/>\n<meta property=\"og:url\" content=\"https:\/\/wivivision.com\/pt\/eva-garcia-ramos-new-president-of-catalonia-health\/\" \/>\n<meta property=\"og:site_name\" content=\"WIVI Vision\" \/>\n<meta property=\"article:published_time\" content=\"2026-04-29T10:17:52+00:00\" \/>\n<meta property=\"article:modified_time\" content=\"2026-04-29T10:17:53+00:00\" \/>\n<meta property=\"og:image\" content=\"https:\/\/wivivision.com\/wp-content\/uploads\/2026\/04\/Imagenes-web-1-2.png\" \/>\n\t<meta property=\"og:image:width\" content=\"1920\" \/>\n\t<meta property=\"og:image:height\" content=\"1080\" \/>\n\t<meta property=\"og:image:type\" content=\"image\/png\" \/>\n<meta name=\"author\" content=\"Mar\u00eda\" \/>\n<meta name=\"twitter:card\" content=\"summary_large_image\" \/>\n<meta name=\"twitter:label1\" content=\"Escrito por\" \/>\n\t<meta name=\"twitter:data1\" content=\"Mar\u00eda\" \/>\n\t<meta name=\"twitter:label2\" content=\"Tempo estimado de leitura\" \/>\n\t<meta name=\"twitter:data2\" content=\"2 minutos\" \/>\n<script type=\"application\/ld+json\" class=\"yoast-schema-graph\">{\"@context\":\"https:\\\/\\\/schema.org\",\"@graph\":[{\"@type\":\"Article\",\"@id\":\"https:\\\/\\\/wivivision.com\\\/eva-garcia-ramos-new-president-of-catalonia-health\\\/#article\",\"isPartOf\":{\"@id\":\"https:\\\/\\\/wivivision.com\\\/eva-garcia-ramos-new-president-of-catalonia-health\\\/\"},\"author\":{\"name\":\"Mar\u00eda\",\"@id\":\"https:\\\/\\\/wivivision.com\\\/#\\\/schema\\\/person\\\/a989236b0391ff022065de3dd5cc88dc\"},\"headline\":\"Eva Garc\u00eda Ramos, new President of Catalonia.health\",\"datePublished\":\"2026-04-29T10:17:52+00:00\",\"dateModified\":\"2026-04-29T10:17:53+00:00\",\"mainEntityOfPage\":{\"@id\":\"https:\\\/\\\/wivivision.com\\\/eva-garcia-ramos-new-president-of-catalonia-health\\\/\"},\"wordCount\":327,\"publisher\":{\"@id\":\"https:\\\/\\\/wivivision.com\\\/#organization\"},\"image\":{\"@id\":\"https:\\\/\\\/wivivision.com\\\/eva-garcia-ramos-new-president-of-catalonia-health\\\/#primaryimage\"},\"thumbnailUrl\":\"https:\\\/\\\/wivivision.com\\\/wp-content\\\/uploads\\\/2026\\\/04\\\/Imagenes-web-1-2.png\",\"articleSection\":[\"Uncategorized\"],\"inLanguage\":\"pt-PT\"},{\"@type\":\"WebPage\",\"@id\":\"https:\\\/\\\/wivivision.com\\\/eva-garcia-ramos-new-president-of-catalonia-health\\\/\",\"url\":\"https:\\\/\\\/wivivision.com\\\/eva-garcia-ramos-new-president-of-catalonia-health\\\/\",\"name\":\"Eva Garc\u00eda Ramos, new President of Catalonia.health - WIVI Vision\",\"isPartOf\":{\"@id\":\"https:\\\/\\\/wivivision.com\\\/#website\"},\"primaryImageOfPage\":{\"@id\":\"https:\\\/\\\/wivivision.com\\\/eva-garcia-ramos-new-president-of-catalonia-health\\\/#primaryimage\"},\"image\":{\"@id\":\"https:\\\/\\\/wivivision.com\\\/eva-garcia-ramos-new-president-of-catalonia-health\\\/#primaryimage\"},\"thumbnailUrl\":\"https:\\\/\\\/wivivision.com\\\/wp-content\\\/uploads\\\/2026\\\/04\\\/Imagenes-web-1-2.png\",\"datePublished\":\"2026-04-29T10:17:52+00:00\",\"dateModified\":\"2026-04-29T10:17:53+00:00\",\"description\":\"At WIVI Vision, we are proud to announce that our CEO and co-founder, Eva Garc\u00eda Ramos, has been appointed President of Catalonia.health\",\"breadcrumb\":{\"@id\":\"https:\\\/\\\/wivivision.com\\\/eva-garcia-ramos-new-president-of-catalonia-health\\\/#breadcrumb\"},\"inLanguage\":\"pt-PT\",\"potentialAction\":[{\"@type\":\"ReadAction\",\"target\":[\"https:\\\/\\\/wivivision.com\\\/eva-garcia-ramos-new-president-of-catalonia-health\\\/\"]}]},{\"@type\":\"ImageObject\",\"inLanguage\":\"pt-PT\",\"@id\":\"https:\\\/\\\/wivivision.com\\\/eva-garcia-ramos-new-president-of-catalonia-health\\\/#primaryimage\",\"url\":\"https:\\\/\\\/wivivision.com\\\/wp-content\\\/uploads\\\/2026\\\/04\\\/Imagenes-web-1-2.png\",\"contentUrl\":\"https:\\\/\\\/wivivision.com\\\/wp-content\\\/uploads\\\/2026\\\/04\\\/Imagenes-web-1-2.png\",\"width\":1920,\"height\":1080,\"caption\":\"Catalonia.health\"},{\"@type\":\"BreadcrumbList\",\"@id\":\"https:\\\/\\\/wivivision.com\\\/eva-garcia-ramos-new-president-of-catalonia-health\\\/#breadcrumb\",\"itemListElement\":[{\"@type\":\"ListItem\",\"position\":1,\"name\":\"Portada\",\"item\":\"https:\\\/\\\/wivivision.com\\\/\"},{\"@type\":\"ListItem\",\"position\":2,\"name\":\"Eva Garc\u00eda Ramos, new President of Catalonia.health\"}]},{\"@type\":\"WebSite\",\"@id\":\"https:\\\/\\\/wivivision.com\\\/#website\",\"url\":\"https:\\\/\\\/wivivision.com\\\/\",\"name\":\"WIVI Vision\",\"description\":\"E-HEALTH TECHNICAL SOLUTIONS\",\"publisher\":{\"@id\":\"https:\\\/\\\/wivivision.com\\\/#organization\"},\"potentialAction\":[{\"@type\":\"SearchAction\",\"target\":{\"@type\":\"EntryPoint\",\"urlTemplate\":\"https:\\\/\\\/wivivision.com\\\/?s={search_term_string}\"},\"query-input\":{\"@type\":\"PropertyValueSpecification\",\"valueRequired\":true,\"valueName\":\"search_term_string\"}}],\"inLanguage\":\"pt-PT\"},{\"@type\":\"Organization\",\"@id\":\"https:\\\/\\\/wivivision.com\\\/#organization\",\"name\":\"WIVI Vision\",\"url\":\"https:\\\/\\\/wivivision.com\\\/\",\"logo\":{\"@type\":\"ImageObject\",\"inLanguage\":\"pt-PT\",\"@id\":\"https:\\\/\\\/wivivision.com\\\/#\\\/schema\\\/logo\\\/image\\\/\",\"url\":\"https:\\\/\\\/wivivision.com\\\/wp-content\\\/uploads\\\/2024\\\/11\\\/Marca-WIVI\u252c-Hi-res.png\",\"contentUrl\":\"https:\\\/\\\/wivivision.com\\\/wp-content\\\/uploads\\\/2024\\\/11\\\/Marca-WIVI\u252c-Hi-res.png\",\"width\":1000,\"height\":439,\"caption\":\"WIVI Vision\"},\"image\":{\"@id\":\"https:\\\/\\\/wivivision.com\\\/#\\\/schema\\\/logo\\\/image\\\/\"}},{\"@type\":\"Person\",\"@id\":\"https:\\\/\\\/wivivision.com\\\/#\\\/schema\\\/person\\\/a989236b0391ff022065de3dd5cc88dc\",\"name\":\"Mar\u00eda\",\"image\":{\"@type\":\"ImageObject\",\"inLanguage\":\"pt-PT\",\"@id\":\"https:\\\/\\\/secure.gravatar.com\\\/avatar\\\/705ec12167b51552a18fc775700dd12eafb333dd99edfc73d16419e1ad192fc2?s=96&d=mm&r=g\",\"url\":\"https:\\\/\\\/secure.gravatar.com\\\/avatar\\\/705ec12167b51552a18fc775700dd12eafb333dd99edfc73d16419e1ad192fc2?s=96&d=mm&r=g\",\"contentUrl\":\"https:\\\/\\\/secure.gravatar.com\\\/avatar\\\/705ec12167b51552a18fc775700dd12eafb333dd99edfc73d16419e1ad192fc2?s=96&d=mm&r=g\",\"caption\":\"Mar\u00eda\"},\"url\":\"https:\\\/\\\/wivivision.com\\\/pt\\\/author\\\/mariauser\\\/\"}]}<\/script>\n<!-- \/ Yoast SEO plugin. -->","yoast_head_json":{"title":"Eva Garc\u00eda Ramos, new President of Catalonia.health - WIVI Vision","description":"At WIVI Vision, we are proud to announce that our CEO and co-founder, Eva Garc\u00eda Ramos, has been appointed President of Catalonia.health","robots":{"index":"index","follow":"follow","max-snippet":"max-snippet:-1","max-image-preview":"max-image-preview:large","max-video-preview":"max-video-preview:-1"},"canonical":"https:\/\/wivivision.com\/pt\/eva-garcia-ramos-new-president-of-catalonia-health\/","og_locale":"pt_PT","og_type":"article","og_title":"Eva Garc\u00eda Ramos, new President of Catalonia.health - WIVI Vision","og_description":"At WIVI Vision, we are proud to announce that our CEO and co-founder, Eva Garc\u00eda Ramos, has been appointed President of Catalonia.health","og_url":"https:\/\/wivivision.com\/pt\/eva-garcia-ramos-new-president-of-catalonia-health\/","og_site_name":"WIVI Vision","article_published_time":"2026-04-29T10:17:52+00:00","article_modified_time":"2026-04-29T10:17:53+00:00","og_image":[{"width":1920,"height":1080,"url":"https:\/\/wivivision.com\/wp-content\/uploads\/2026\/04\/Imagenes-web-1-2.png","type":"image\/png"}],"author":"Mar\u00eda","twitter_card":"summary_large_image","twitter_misc":{"Escrito por":"Mar\u00eda","Tempo estimado de leitura":"2 minutos"},"schema":{"@context":"https:\/\/schema.org","@graph":[{"@type":"Article","@id":"https:\/\/wivivision.com\/eva-garcia-ramos-new-president-of-catalonia-health\/#article","isPartOf":{"@id":"https:\/\/wivivision.com\/eva-garcia-ramos-new-president-of-catalonia-health\/"},"author":{"name":"Mar\u00eda","@id":"https:\/\/wivivision.com\/#\/schema\/person\/a989236b0391ff022065de3dd5cc88dc"},"headline":"Eva Garc\u00eda Ramos, new President of Catalonia.health","datePublished":"2026-04-29T10:17:52+00:00","dateModified":"2026-04-29T10:17:53+00:00","mainEntityOfPage":{"@id":"https:\/\/wivivision.com\/eva-garcia-ramos-new-president-of-catalonia-health\/"},"wordCount":327,"publisher":{"@id":"https:\/\/wivivision.com\/#organization"},"image":{"@id":"https:\/\/wivivision.com\/eva-garcia-ramos-new-president-of-catalonia-health\/#primaryimage"},"thumbnailUrl":"https:\/\/wivivision.com\/wp-content\/uploads\/2026\/04\/Imagenes-web-1-2.png","articleSection":["Uncategorized"],"inLanguage":"pt-PT"},{"@type":"WebPage","@id":"https:\/\/wivivision.com\/eva-garcia-ramos-new-president-of-catalonia-health\/","url":"https:\/\/wivivision.com\/eva-garcia-ramos-new-president-of-catalonia-health\/","name":"Eva Garc\u00eda Ramos, new President of Catalonia.health - WIVI Vision","isPartOf":{"@id":"https:\/\/wivivision.com\/#website"},"primaryImageOfPage":{"@id":"https:\/\/wivivision.com\/eva-garcia-ramos-new-president-of-catalonia-health\/#primaryimage"},"image":{"@id":"https:\/\/wivivision.com\/eva-garcia-ramos-new-president-of-catalonia-health\/#primaryimage"},"thumbnailUrl":"https:\/\/wivivision.com\/wp-content\/uploads\/2026\/04\/Imagenes-web-1-2.png","datePublished":"2026-04-29T10:17:52+00:00","dateModified":"2026-04-29T10:17:53+00:00","description":"At WIVI Vision, we are proud to announce that our CEO and co-founder, Eva Garc\u00eda Ramos, has been appointed President of Catalonia.health","breadcrumb":{"@id":"https:\/\/wivivision.com\/eva-garcia-ramos-new-president-of-catalonia-health\/#breadcrumb"},"inLanguage":"pt-PT","potentialAction":[{"@type":"ReadAction","target":["https:\/\/wivivision.com\/eva-garcia-ramos-new-president-of-catalonia-health\/"]}]},{"@type":"ImageObject","inLanguage":"pt-PT","@id":"https:\/\/wivivision.com\/eva-garcia-ramos-new-president-of-catalonia-health\/#primaryimage","url":"https:\/\/wivivision.com\/wp-content\/uploads\/2026\/04\/Imagenes-web-1-2.png","contentUrl":"https:\/\/wivivision.com\/wp-content\/uploads\/2026\/04\/Imagenes-web-1-2.png","width":1920,"height":1080,"caption":"Catalonia.health"},{"@type":"BreadcrumbList","@id":"https:\/\/wivivision.com\/eva-garcia-ramos-new-president-of-catalonia-health\/#breadcrumb","itemListElement":[{"@type":"ListItem","position":1,"name":"Portada","item":"https:\/\/wivivision.com\/"},{"@type":"ListItem","position":2,"name":"Eva Garc\u00eda Ramos, new President of Catalonia.health"}]},{"@type":"WebSite","@id":"https:\/\/wivivision.com\/#website","url":"https:\/\/wivivision.com\/","name":"Vis\u00e3o da WIVI","description":"SOLU\u00c7\u00d5ES T\u00c9CNICAS DE SA\u00daDE ELECTR\u00d3NICA","publisher":{"@id":"https:\/\/wivivision.com\/#organization"},"potentialAction":[{"@type":"SearchAction","target":{"@type":"EntryPoint","urlTemplate":"https:\/\/wivivision.com\/?s={search_term_string}"},"query-input":{"@type":"PropertyValueSpecification","valueRequired":true,"valueName":"search_term_string"}}],"inLanguage":"pt-PT"},{"@type":"Organization","@id":"https:\/\/wivivision.com\/#organization","name":"Vis\u00e3o da WIVI","url":"https:\/\/wivivision.com\/","logo":{"@type":"ImageObject","inLanguage":"pt-PT","@id":"https:\/\/wivivision.com\/#\/schema\/logo\/image\/","url":"https:\/\/wivivision.com\/wp-content\/uploads\/2024\/11\/Marca-WIVI\u252c-Hi-res.png","contentUrl":"https:\/\/wivivision.com\/wp-content\/uploads\/2024\/11\/Marca-WIVI\u252c-Hi-res.png","width":1000,"height":439,"caption":"WIVI Vision"},"image":{"@id":"https:\/\/wivivision.com\/#\/schema\/logo\/image\/"}},{"@type":"Person","@id":"https:\/\/wivivision.com\/#\/schema\/person\/a989236b0391ff022065de3dd5cc88dc","name":"Maria","image":{"@type":"ImageObject","inLanguage":"pt-PT","@id":"https:\/\/secure.gravatar.com\/avatar\/705ec12167b51552a18fc775700dd12eafb333dd99edfc73d16419e1ad192fc2?s=96&d=mm&r=g","url":"https:\/\/secure.gravatar.com\/avatar\/705ec12167b51552a18fc775700dd12eafb333dd99edfc73d16419e1ad192fc2?s=96&d=mm&r=g","contentUrl":"https:\/\/secure.gravatar.com\/avatar\/705ec12167b51552a18fc775700dd12eafb333dd99edfc73d16419e1ad192fc2?s=96&d=mm&r=g","caption":"Mar\u00eda"},"url":"https:\/\/wivivision.com\/pt\/author\/mariauser\/"}]}},"_links":{"self":[{"href":"https:\/\/wivivision.com\/pt\/wp-json\/wp\/v2\/posts\/8286","targetHints":{"allow":["GET"]}}],"collection":[{"href":"https:\/\/wivivision.com\/pt\/wp-json\/wp\/v2\/posts"}],"about":[{"href":"https:\/\/wivivision.com\/pt\/wp-json\/wp\/v2\/types\/post"}],"author":[{"embeddable":true,"href":"https:\/\/wivivision.com\/pt\/wp-json\/wp\/v2\/users\/6"}],"replies":[{"embeddable":true,"href":"https:\/\/wivivision.com\/pt\/wp-json\/wp\/v2\/comments?post=8286"}],"version-history":[{"count":4,"href":"https:\/\/wivivision.com\/pt\/wp-json\/wp\/v2\/posts\/8286\/revisions"}],"predecessor-version":[{"id":8290,"href":"https:\/\/wivivision.com\/pt\/wp-json\/wp\/v2\/posts\/8286\/revisions\/8290"}],"wp:featuredmedia":[{"embeddable":true,"href":"https:\/\/wivivision.com\/pt\/wp-json\/wp\/v2\/media\/8291"}],"wp:attachment":[{"href":"https:\/\/wivivision.com\/pt\/wp-json\/wp\/v2\/media?parent=8286"}],"wp:term":[{"taxonomy":"category","embeddable":true,"href":"https:\/\/wivivision.com\/pt\/wp-json\/wp\/v2\/categories?post=8286"},{"taxonomy":"post_tag","embeddable":true,"href":"https:\/\/wivivision.com\/pt\/wp-json\/wp\/v2\/tags?post=8286"}],"curies":[{"name":"wp","href":"https:\/\/api.w.org\/{rel}","templated":true}]}}