{"id":8286,"date":"2026-04-29T12:17:52","date_gmt":"2026-04-29T10:17:52","guid":{"rendered":"https:\/\/wivivision.com\/?p=8286"},"modified":"2026-04-29T12:17:53","modified_gmt":"2026-04-29T10:17:53","slug":"eva-garcia-ramos-new-president-of-catalonia-health","status":"publish","type":"post","link":"https:\/\/wivivision.com\/de\/eva-garcia-ramos-new-president-of-catalonia-health\/","title":{"rendered":"Eva Garc\u00eda Ramos, neue Pr\u00e4sidentin von Catalonia.health"},"content":{"rendered":"<div data-elementor-type=\"wp-post\" data-elementor-id=\"8286\" class=\"elementor elementor-8286\" data-elementor-post-type=\"post\">\n\t\t\t\t<div class=\"elementor-element elementor-element-95256d3 e-flex e-con-boxed e-con e-parent\" data-id=\"95256d3\" data-element_type=\"container\" data-e-type=\"container\">\n\t\t\t\t\t<div class=\"e-con-inner\">\n\t\t\t\t<div class=\"elementor-element elementor-element-78486fd elementor-widget elementor-widget-text-editor\" data-id=\"78486fd\" data-element_type=\"widget\" data-e-type=\"widget\" data-widget_type=\"text-editor.default\">\n\t\t\t\t<div class=\"elementor-widget-container\">\n\t\t\t\t\t\t\t\t\t<p data-start=\"187\" data-end=\"456\">Bei WIVI Vision sind wir stolz, bekannt zu geben, dass <strong>Unsere CEO und Mitbegr\u00fcnderin, Eva Garc\u00eda Ramos, wurde zur Pr\u00e4sidentin von Catalonia.health ernannt.<\/strong>, eine Gruppe von Fachleuten leiten, die die Transformation des Gesundheitswesens, der Wissenschaft und der Technologie in Katalonien und dar\u00fcber hinaus vorantreiben.<\/p><p data-start=\"458\" data-end=\"610\">Diese <a href=\"https:\/\/catalonia.health\/noticies\/eva-garcia-ramos-nova-presidenta-de-cataloniahealth\/\" target=\"_blank\" rel=\"noopener\">Termin<\/a> erkennt ihren Weg und stellt eine Gelegenheit dar, weiter <strong>zum Wachstum und zur Wirkung des digitalen Gesundheits\u00f6kosystems beitragen.<\/strong><\/p>\t\t\t\t\t\t\t\t<\/div>\n\t\t\t\t<\/div>\n\t\t\t\t<div class=\"elementor-element elementor-element-c9a0c4c elementor-widget elementor-widget-heading\" data-id=\"c9a0c4c\" data-element_type=\"widget\" data-e-type=\"widget\" data-widget_type=\"heading.default\">\n\t\t\t\t<div class=\"elementor-widget-container\">\n\t\t\t\t\t<h2 class=\"elementor-heading-title elementor-size-default\">F\u00fchrung zur F\u00f6rderung von Innovationen im Gesundheitswesen<\/h2>\t\t\t\t<\/div>\n\t\t\t\t<\/div>\n\t\t\t\t<div class=\"elementor-element elementor-element-b5b4772 elementor-widget elementor-widget-text-editor\" data-id=\"b5b4772\" data-element_type=\"widget\" data-e-type=\"widget\" data-widget_type=\"text-editor.default\">\n\t\t\t\t<div class=\"elementor-widget-container\">\n\t\t\t\t\t\t\t\t\t<p data-start=\"658\" data-end=\"813\">Die \u00dcbernahme des Pr\u00e4sidiums von Catalonia.health markiert einen wichtigen Schritt zur St\u00e4rkung <strong>Zusammenarbeit zwischen Unternehmen, Institutionen und Wissenszentren.<\/strong><\/p><p data-start=\"815\" data-end=\"1046\">Die F\u00fchrung mit Fachleuten zu teilen, die das Gesundheitswesen durch ihre Organisationen ver\u00e4ndern, ist sowohl ein Privileg als auch eine Verantwortung, in <strong>ein Umfeld, in dem Innovation, Talent und Engagement der Schl\u00fcssel zur Schaffung echter Wirkung sind.<\/strong><\/p><p data-start=\"1048\" data-end=\"1266\">In dieser neuen Phase wird der Fokus darauf liegen, die Wettbewerbsf\u00e4higkeit von Unternehmen in der Branche zu steigern, Innovationen zu beschleunigen und Katalonien als einen der f\u00fchrenden europ\u00e4ischen Zentren f\u00fcr Gesundheitswesen und Gesundheitstechnologie zu positionieren.<\/p><p data-start=\"1268\" data-end=\"1569\">Als <a href=\"https:\/\/wivivision.com\/de\/about-us\/\" target=\"_blank\" rel=\"noopener\">Eva Garc\u00eda Ramos<\/a> Highlights<br data-start=\"1299\" data-end=\"1302\" \/><em data-start=\"1302\" data-end=\"1569\"><strong>\u201cMeine Karriere hat mir gezeigt, dass Innovationen im digitalen Gesundheitswesen einen echten Einfluss haben auf <a href=\"https:\/\/wivivision.com\/de\/symptoms\/\" target=\"_blank\" rel=\"noopener\">das Leben der Menschen.<\/a><\/strong> Von Catalonia.health aus werden wir daran arbeiten, die Wettbewerbsf\u00e4higkeit der Unternehmen des Sektors zu st\u00e4rken und Katalonien als f\u00fchrenden Gesundheits-Hub S\u00fcdeuropas zu etablieren.\u201d<\/em><\/p><p data-start=\"1571\" data-end=\"1739\">Wir m\u00f6chten uns auch bei der scheidenden Pr\u00e4sidentin Mariona Serra-Pag\u00e8s, Joan Puig de Dou und dem ehemaligen Vorstand f\u00fcr ihren Einsatz und ihr Engagement in den letzten Jahren bedanken.<\/p>\t\t\t\t\t\t\t\t<\/div>\n\t\t\t\t<\/div>\n\t\t\t\t<div class=\"elementor-element elementor-element-e5bfb43 elementor-widget elementor-widget-heading\" data-id=\"e5bfb43\" data-element_type=\"widget\" data-e-type=\"widget\" data-widget_type=\"heading.default\">\n\t\t\t\t<div class=\"elementor-widget-container\">\n\t\t\t\t\t<h2 class=\"elementor-heading-title elementor-size-default\">Neuer Schwung f\u00fcr das Gesundheits\u00f6kosystem<\/h2>\t\t\t\t<\/div>\n\t\t\t\t<\/div>\n\t\t\t\t<div class=\"elementor-element elementor-element-30fa421 elementor-widget elementor-widget-text-editor\" data-id=\"30fa421\" data-element_type=\"widget\" data-e-type=\"widget\" data-widget_type=\"text-editor.default\">\n\t\t\t\t<div class=\"elementor-widget-container\">\n\t\t\t\t\t\t\t\t\t<p data-start=\"1785\" data-end=\"1968\">Diese neue F\u00fchrung markiert den Beginn einer Schl\u00fcsselphase, um Talente, Technologie und Wissen weiter zu verbinden, mit einem klaren Ziel: i<strong>das Leben der Menschen durch die Verbesserung von <a href=\"https:\/\/wivivision.com\/de\/discover-wivi\/\" target=\"_blank\" rel=\"noopener\">Gesundheitsinnovation.<\/a><\/strong><\/p><p data-start=\"1970\" data-end=\"2137\">Bei WIVI werden wir diese Dynamik weiter unterst\u00fctzen und somit zu einem kollaborativeren, dynamischeren und ergebnisorientierteren \u00d6kosystem beitragen, immer mit dem Patienten im Mittelpunkt.<\/p>\t\t\t\t\t\t\t\t<\/div>\n\t\t\t\t<\/div>\n\t\t\t\t<div class=\"elementor-element elementor-element-e525c0e elementor-widget-divider--view-line elementor-widget elementor-widget-divider\" data-id=\"e525c0e\" data-element_type=\"widget\" data-e-type=\"widget\" data-widget_type=\"divider.default\">\n\t\t\t\t<div class=\"elementor-widget-container\">\n\t\t\t\t\t\t\t<div class=\"elementor-divider\">\n\t\t\t<span class=\"elementor-divider-separator\">\n\t\t\t\t\t\t<\/span>\n\t\t<\/div>\n\t\t\t\t\t\t<\/div>\n\t\t\t\t<\/div>\n\t\t\t\t<div class=\"elementor-element elementor-element-fff3677 elementor-widget elementor-widget-text-editor\" data-id=\"fff3677\" data-element_type=\"widget\" data-e-type=\"widget\" data-widget_type=\"text-editor.default\">\n\t\t\t\t<div class=\"elementor-widget-container\">\n\t\t\t\t\t\t\t\t\t<p>M\u00f6chten Sie mehr dar\u00fcber erfahren, wie wir bei WIVI arbeiten und unser Engagement f\u00fcr Innovationen im Gesundheitswesen? <a href=\"https:\/\/wivivision.com\/de\/contact-us\/\" target=\"_blank\" rel=\"noopener\"><strong>Kontaktieren Sie uns oder fordern Sie weitere Informationen an.<\/strong><\/a><\/p>\t\t\t\t\t\t\t\t<\/div>\n\t\t\t\t<\/div>\n\t\t\t\t\t<\/div>\n\t\t\t\t<\/div>\n\t\t\t\t<\/div>","protected":false},"excerpt":{"rendered":"<p>At WIVI Vision, we are proud to announce that our CEO and co-founder, Eva Garc\u00eda Ramos, has been appointed President of Catalonia.health, leading a group of professionals who are driving the transformation of healthcare, science, and technology in Catalonia and beyond. This appointment recognizes her trajectory and represents an opportunity to further contribute to the [&hellip;]<\/p>\n","protected":false},"author":6,"featured_media":8291,"comment_status":"closed","ping_status":"closed","sticky":false,"template":"","format":"standard","meta":{"footnotes":""},"categories":[1],"tags":[],"class_list":["post-8286","post","type-post","status-publish","format-standard","has-post-thumbnail","hentry","category-uncategorized"],"yoast_head":"<!-- This site is optimized with the Yoast SEO plugin v27.5 - https:\/\/yoast.com\/product\/yoast-seo-wordpress\/ -->\n<title>Eva Garc\u00eda Ramos, new President of Catalonia.health - WIVI Vision<\/title>\n<meta name=\"description\" content=\"At WIVI Vision, we are proud to announce that our CEO and co-founder, Eva Garc\u00eda Ramos, has been appointed President of Catalonia.health\" \/>\n<meta name=\"robots\" content=\"index, follow, max-snippet:-1, max-image-preview:large, max-video-preview:-1\" \/>\n<link rel=\"canonical\" href=\"https:\/\/wivivision.com\/de\/eva-garcia-ramos-new-president-of-catalonia-health\/\" \/>\n<meta property=\"og:locale\" content=\"de_DE\" \/>\n<meta property=\"og:type\" content=\"article\" \/>\n<meta property=\"og:title\" content=\"Eva Garc\u00eda Ramos, new President of Catalonia.health - WIVI Vision\" \/>\n<meta property=\"og:description\" content=\"At WIVI Vision, we are proud to announce that our CEO and co-founder, Eva Garc\u00eda Ramos, has been appointed President of Catalonia.health\" \/>\n<meta property=\"og:url\" content=\"https:\/\/wivivision.com\/de\/eva-garcia-ramos-new-president-of-catalonia-health\/\" \/>\n<meta property=\"og:site_name\" content=\"WIVI Vision\" \/>\n<meta property=\"article:published_time\" content=\"2026-04-29T10:17:52+00:00\" \/>\n<meta property=\"article:modified_time\" content=\"2026-04-29T10:17:53+00:00\" \/>\n<meta property=\"og:image\" content=\"https:\/\/wivivision.com\/wp-content\/uploads\/2026\/04\/Imagenes-web-1-2.png\" \/>\n\t<meta property=\"og:image:width\" content=\"1920\" \/>\n\t<meta property=\"og:image:height\" content=\"1080\" \/>\n\t<meta property=\"og:image:type\" content=\"image\/png\" \/>\n<meta name=\"author\" content=\"Mar\u00eda\" \/>\n<meta name=\"twitter:card\" content=\"summary_large_image\" \/>\n<meta name=\"twitter:label1\" content=\"Geschrieben von\" \/>\n\t<meta name=\"twitter:data1\" content=\"Mar\u00eda\" \/>\n\t<meta name=\"twitter:label2\" content=\"Gesch\u00e4tzte Lesezeit\" \/>\n\t<meta name=\"twitter:data2\" content=\"2\u00a0Minuten\" \/>\n<script type=\"application\/ld+json\" class=\"yoast-schema-graph\">{\"@context\":\"https:\\\/\\\/schema.org\",\"@graph\":[{\"@type\":\"Article\",\"@id\":\"https:\\\/\\\/wivivision.com\\\/eva-garcia-ramos-new-president-of-catalonia-health\\\/#article\",\"isPartOf\":{\"@id\":\"https:\\\/\\\/wivivision.com\\\/eva-garcia-ramos-new-president-of-catalonia-health\\\/\"},\"author\":{\"name\":\"Mar\u00eda\",\"@id\":\"https:\\\/\\\/wivivision.com\\\/#\\\/schema\\\/person\\\/a989236b0391ff022065de3dd5cc88dc\"},\"headline\":\"Eva Garc\u00eda Ramos, new President of Catalonia.health\",\"datePublished\":\"2026-04-29T10:17:52+00:00\",\"dateModified\":\"2026-04-29T10:17:53+00:00\",\"mainEntityOfPage\":{\"@id\":\"https:\\\/\\\/wivivision.com\\\/eva-garcia-ramos-new-president-of-catalonia-health\\\/\"},\"wordCount\":327,\"publisher\":{\"@id\":\"https:\\\/\\\/wivivision.com\\\/#organization\"},\"image\":{\"@id\":\"https:\\\/\\\/wivivision.com\\\/eva-garcia-ramos-new-president-of-catalonia-health\\\/#primaryimage\"},\"thumbnailUrl\":\"https:\\\/\\\/wivivision.com\\\/wp-content\\\/uploads\\\/2026\\\/04\\\/Imagenes-web-1-2.png\",\"articleSection\":[\"Uncategorized\"],\"inLanguage\":\"de-CH\"},{\"@type\":\"WebPage\",\"@id\":\"https:\\\/\\\/wivivision.com\\\/eva-garcia-ramos-new-president-of-catalonia-health\\\/\",\"url\":\"https:\\\/\\\/wivivision.com\\\/eva-garcia-ramos-new-president-of-catalonia-health\\\/\",\"name\":\"Eva Garc\u00eda Ramos, new President of Catalonia.health - WIVI Vision\",\"isPartOf\":{\"@id\":\"https:\\\/\\\/wivivision.com\\\/#website\"},\"primaryImageOfPage\":{\"@id\":\"https:\\\/\\\/wivivision.com\\\/eva-garcia-ramos-new-president-of-catalonia-health\\\/#primaryimage\"},\"image\":{\"@id\":\"https:\\\/\\\/wivivision.com\\\/eva-garcia-ramos-new-president-of-catalonia-health\\\/#primaryimage\"},\"thumbnailUrl\":\"https:\\\/\\\/wivivision.com\\\/wp-content\\\/uploads\\\/2026\\\/04\\\/Imagenes-web-1-2.png\",\"datePublished\":\"2026-04-29T10:17:52+00:00\",\"dateModified\":\"2026-04-29T10:17:53+00:00\",\"description\":\"At WIVI Vision, we are proud to announce that our CEO and co-founder, Eva Garc\u00eda Ramos, has been appointed President of Catalonia.health\",\"breadcrumb\":{\"@id\":\"https:\\\/\\\/wivivision.com\\\/eva-garcia-ramos-new-president-of-catalonia-health\\\/#breadcrumb\"},\"inLanguage\":\"de-CH\",\"potentialAction\":[{\"@type\":\"ReadAction\",\"target\":[\"https:\\\/\\\/wivivision.com\\\/eva-garcia-ramos-new-president-of-catalonia-health\\\/\"]}]},{\"@type\":\"ImageObject\",\"inLanguage\":\"de-CH\",\"@id\":\"https:\\\/\\\/wivivision.com\\\/eva-garcia-ramos-new-president-of-catalonia-health\\\/#primaryimage\",\"url\":\"https:\\\/\\\/wivivision.com\\\/wp-content\\\/uploads\\\/2026\\\/04\\\/Imagenes-web-1-2.png\",\"contentUrl\":\"https:\\\/\\\/wivivision.com\\\/wp-content\\\/uploads\\\/2026\\\/04\\\/Imagenes-web-1-2.png\",\"width\":1920,\"height\":1080,\"caption\":\"Catalonia.health\"},{\"@type\":\"BreadcrumbList\",\"@id\":\"https:\\\/\\\/wivivision.com\\\/eva-garcia-ramos-new-president-of-catalonia-health\\\/#breadcrumb\",\"itemListElement\":[{\"@type\":\"ListItem\",\"position\":1,\"name\":\"Portada\",\"item\":\"https:\\\/\\\/wivivision.com\\\/\"},{\"@type\":\"ListItem\",\"position\":2,\"name\":\"Eva Garc\u00eda Ramos, new President of Catalonia.health\"}]},{\"@type\":\"WebSite\",\"@id\":\"https:\\\/\\\/wivivision.com\\\/#website\",\"url\":\"https:\\\/\\\/wivivision.com\\\/\",\"name\":\"WIVI Vision\",\"description\":\"E-HEALTH TECHNICAL SOLUTIONS\",\"publisher\":{\"@id\":\"https:\\\/\\\/wivivision.com\\\/#organization\"},\"potentialAction\":[{\"@type\":\"SearchAction\",\"target\":{\"@type\":\"EntryPoint\",\"urlTemplate\":\"https:\\\/\\\/wivivision.com\\\/?s={search_term_string}\"},\"query-input\":{\"@type\":\"PropertyValueSpecification\",\"valueRequired\":true,\"valueName\":\"search_term_string\"}}],\"inLanguage\":\"de-CH\"},{\"@type\":\"Organization\",\"@id\":\"https:\\\/\\\/wivivision.com\\\/#organization\",\"name\":\"WIVI Vision\",\"url\":\"https:\\\/\\\/wivivision.com\\\/\",\"logo\":{\"@type\":\"ImageObject\",\"inLanguage\":\"de-CH\",\"@id\":\"https:\\\/\\\/wivivision.com\\\/#\\\/schema\\\/logo\\\/image\\\/\",\"url\":\"https:\\\/\\\/wivivision.com\\\/wp-content\\\/uploads\\\/2024\\\/11\\\/Marca-WIVI\u252c-Hi-res.png\",\"contentUrl\":\"https:\\\/\\\/wivivision.com\\\/wp-content\\\/uploads\\\/2024\\\/11\\\/Marca-WIVI\u252c-Hi-res.png\",\"width\":1000,\"height\":439,\"caption\":\"WIVI Vision\"},\"image\":{\"@id\":\"https:\\\/\\\/wivivision.com\\\/#\\\/schema\\\/logo\\\/image\\\/\"}},{\"@type\":\"Person\",\"@id\":\"https:\\\/\\\/wivivision.com\\\/#\\\/schema\\\/person\\\/a989236b0391ff022065de3dd5cc88dc\",\"name\":\"Mar\u00eda\",\"image\":{\"@type\":\"ImageObject\",\"inLanguage\":\"de-CH\",\"@id\":\"https:\\\/\\\/secure.gravatar.com\\\/avatar\\\/705ec12167b51552a18fc775700dd12eafb333dd99edfc73d16419e1ad192fc2?s=96&d=mm&r=g\",\"url\":\"https:\\\/\\\/secure.gravatar.com\\\/avatar\\\/705ec12167b51552a18fc775700dd12eafb333dd99edfc73d16419e1ad192fc2?s=96&d=mm&r=g\",\"contentUrl\":\"https:\\\/\\\/secure.gravatar.com\\\/avatar\\\/705ec12167b51552a18fc775700dd12eafb333dd99edfc73d16419e1ad192fc2?s=96&d=mm&r=g\",\"caption\":\"Mar\u00eda\"},\"url\":\"https:\\\/\\\/wivivision.com\\\/de\\\/author\\\/mariauser\\\/\"}]}<\/script>\n<!-- \/ Yoast SEO plugin. -->","yoast_head_json":{"title":"Eva Garc\u00eda Ramos, new President of Catalonia.health - WIVI Vision","description":"At WIVI Vision, we are proud to announce that our CEO and co-founder, Eva Garc\u00eda Ramos, has been appointed President of Catalonia.health","robots":{"index":"index","follow":"follow","max-snippet":"max-snippet:-1","max-image-preview":"max-image-preview:large","max-video-preview":"max-video-preview:-1"},"canonical":"https:\/\/wivivision.com\/de\/eva-garcia-ramos-new-president-of-catalonia-health\/","og_locale":"de_DE","og_type":"article","og_title":"Eva Garc\u00eda Ramos, new President of Catalonia.health - WIVI Vision","og_description":"At WIVI Vision, we are proud to announce that our CEO and co-founder, Eva Garc\u00eda Ramos, has been appointed President of Catalonia.health","og_url":"https:\/\/wivivision.com\/de\/eva-garcia-ramos-new-president-of-catalonia-health\/","og_site_name":"WIVI Vision","article_published_time":"2026-04-29T10:17:52+00:00","article_modified_time":"2026-04-29T10:17:53+00:00","og_image":[{"width":1920,"height":1080,"url":"https:\/\/wivivision.com\/wp-content\/uploads\/2026\/04\/Imagenes-web-1-2.png","type":"image\/png"}],"author":"Mar\u00eda","twitter_card":"summary_large_image","twitter_misc":{"Geschrieben von":"Mar\u00eda","Gesch\u00e4tzte Lesezeit":"2\u00a0Minuten"},"schema":{"@context":"https:\/\/schema.org","@graph":[{"@type":"Article","@id":"https:\/\/wivivision.com\/eva-garcia-ramos-new-president-of-catalonia-health\/#article","isPartOf":{"@id":"https:\/\/wivivision.com\/eva-garcia-ramos-new-president-of-catalonia-health\/"},"author":{"name":"Mar\u00eda","@id":"https:\/\/wivivision.com\/#\/schema\/person\/a989236b0391ff022065de3dd5cc88dc"},"headline":"Eva Garc\u00eda Ramos, new President of Catalonia.health","datePublished":"2026-04-29T10:17:52+00:00","dateModified":"2026-04-29T10:17:53+00:00","mainEntityOfPage":{"@id":"https:\/\/wivivision.com\/eva-garcia-ramos-new-president-of-catalonia-health\/"},"wordCount":327,"publisher":{"@id":"https:\/\/wivivision.com\/#organization"},"image":{"@id":"https:\/\/wivivision.com\/eva-garcia-ramos-new-president-of-catalonia-health\/#primaryimage"},"thumbnailUrl":"https:\/\/wivivision.com\/wp-content\/uploads\/2026\/04\/Imagenes-web-1-2.png","articleSection":["Uncategorized"],"inLanguage":"de-CH"},{"@type":"WebPage","@id":"https:\/\/wivivision.com\/eva-garcia-ramos-new-president-of-catalonia-health\/","url":"https:\/\/wivivision.com\/eva-garcia-ramos-new-president-of-catalonia-health\/","name":"Eva Garc\u00eda Ramos, new President of Catalonia.health - WIVI Vision","isPartOf":{"@id":"https:\/\/wivivision.com\/#website"},"primaryImageOfPage":{"@id":"https:\/\/wivivision.com\/eva-garcia-ramos-new-president-of-catalonia-health\/#primaryimage"},"image":{"@id":"https:\/\/wivivision.com\/eva-garcia-ramos-new-president-of-catalonia-health\/#primaryimage"},"thumbnailUrl":"https:\/\/wivivision.com\/wp-content\/uploads\/2026\/04\/Imagenes-web-1-2.png","datePublished":"2026-04-29T10:17:52+00:00","dateModified":"2026-04-29T10:17:53+00:00","description":"At WIVI Vision, we are proud to announce that our CEO and co-founder, Eva Garc\u00eda Ramos, has been appointed President of Catalonia.health","breadcrumb":{"@id":"https:\/\/wivivision.com\/eva-garcia-ramos-new-president-of-catalonia-health\/#breadcrumb"},"inLanguage":"de-CH","potentialAction":[{"@type":"ReadAction","target":["https:\/\/wivivision.com\/eva-garcia-ramos-new-president-of-catalonia-health\/"]}]},{"@type":"ImageObject","inLanguage":"de-CH","@id":"https:\/\/wivivision.com\/eva-garcia-ramos-new-president-of-catalonia-health\/#primaryimage","url":"https:\/\/wivivision.com\/wp-content\/uploads\/2026\/04\/Imagenes-web-1-2.png","contentUrl":"https:\/\/wivivision.com\/wp-content\/uploads\/2026\/04\/Imagenes-web-1-2.png","width":1920,"height":1080,"caption":"Catalonia.health"},{"@type":"BreadcrumbList","@id":"https:\/\/wivivision.com\/eva-garcia-ramos-new-president-of-catalonia-health\/#breadcrumb","itemListElement":[{"@type":"ListItem","position":1,"name":"Portada","item":"https:\/\/wivivision.com\/"},{"@type":"ListItem","position":2,"name":"Eva Garc\u00eda Ramos, new President of Catalonia.health"}]},{"@type":"WebSite","@id":"https:\/\/wivivision.com\/#website","url":"https:\/\/wivivision.com\/","name":"WIVI-Vision","description":"TECHNISCHE L\u00d6SUNGEN F\u00dcR E-HEALTH","publisher":{"@id":"https:\/\/wivivision.com\/#organization"},"potentialAction":[{"@type":"SearchAction","target":{"@type":"EntryPoint","urlTemplate":"https:\/\/wivivision.com\/?s={search_term_string}"},"query-input":{"@type":"PropertyValueSpecification","valueRequired":true,"valueName":"search_term_string"}}],"inLanguage":"de-CH"},{"@type":"Organization","@id":"https:\/\/wivivision.com\/#organization","name":"WIVI-Vision","url":"https:\/\/wivivision.com\/","logo":{"@type":"ImageObject","inLanguage":"de-CH","@id":"https:\/\/wivivision.com\/#\/schema\/logo\/image\/","url":"https:\/\/wivivision.com\/wp-content\/uploads\/2024\/11\/Marca-WIVI\u252c-Hi-res.png","contentUrl":"https:\/\/wivivision.com\/wp-content\/uploads\/2024\/11\/Marca-WIVI\u252c-Hi-res.png","width":1000,"height":439,"caption":"WIVI Vision"},"image":{"@id":"https:\/\/wivivision.com\/#\/schema\/logo\/image\/"}},{"@type":"Person","@id":"https:\/\/wivivision.com\/#\/schema\/person\/a989236b0391ff022065de3dd5cc88dc","name":"Mar\u00eda","image":{"@type":"ImageObject","inLanguage":"de-CH","@id":"https:\/\/secure.gravatar.com\/avatar\/705ec12167b51552a18fc775700dd12eafb333dd99edfc73d16419e1ad192fc2?s=96&d=mm&r=g","url":"https:\/\/secure.gravatar.com\/avatar\/705ec12167b51552a18fc775700dd12eafb333dd99edfc73d16419e1ad192fc2?s=96&d=mm&r=g","contentUrl":"https:\/\/secure.gravatar.com\/avatar\/705ec12167b51552a18fc775700dd12eafb333dd99edfc73d16419e1ad192fc2?s=96&d=mm&r=g","caption":"Mar\u00eda"},"url":"https:\/\/wivivision.com\/de\/author\/mariauser\/"}]}},"_links":{"self":[{"href":"https:\/\/wivivision.com\/de\/wp-json\/wp\/v2\/posts\/8286","targetHints":{"allow":["GET"]}}],"collection":[{"href":"https:\/\/wivivision.com\/de\/wp-json\/wp\/v2\/posts"}],"about":[{"href":"https:\/\/wivivision.com\/de\/wp-json\/wp\/v2\/types\/post"}],"author":[{"embeddable":true,"href":"https:\/\/wivivision.com\/de\/wp-json\/wp\/v2\/users\/6"}],"replies":[{"embeddable":true,"href":"https:\/\/wivivision.com\/de\/wp-json\/wp\/v2\/comments?post=8286"}],"version-history":[{"count":4,"href":"https:\/\/wivivision.com\/de\/wp-json\/wp\/v2\/posts\/8286\/revisions"}],"predecessor-version":[{"id":8290,"href":"https:\/\/wivivision.com\/de\/wp-json\/wp\/v2\/posts\/8286\/revisions\/8290"}],"wp:featuredmedia":[{"embeddable":true,"href":"https:\/\/wivivision.com\/de\/wp-json\/wp\/v2\/media\/8291"}],"wp:attachment":[{"href":"https:\/\/wivivision.com\/de\/wp-json\/wp\/v2\/media?parent=8286"}],"wp:term":[{"taxonomy":"category","embeddable":true,"href":"https:\/\/wivivision.com\/de\/wp-json\/wp\/v2\/categories?post=8286"},{"taxonomy":"post_tag","embeddable":true,"href":"https:\/\/wivivision.com\/de\/wp-json\/wp\/v2\/tags?post=8286"}],"curies":[{"name":"wp","href":"https:\/\/api.w.org\/{rel}","templated":true}]}}